{"id":76,"date":"2017-07-10T19:32:39","date_gmt":"2017-07-10T22:32:39","guid":{"rendered":"https:\/\/lasilusiones.com.ar\/blog\/?p=76"},"modified":"2017-07-10T19:32:39","modified_gmt":"2017-07-10T22:32:39","slug":"juan-ignacio-acosta-cinthia-avila-y-ale-zerba-en-pura-vida-tv-publica","status":"publish","type":"post","link":"https:\/\/lasilusiones.com.ar\/blog\/juan-ignacio-acosta-cinthia-avila-y-ale-zerba-en-pura-vida-tv-publica\/","title":{"rendered":"Tv P\u00fablica &#8211; Juan Ignacio Acosta, Cinthia \u00c1vila y Ale Zerba en Pura Vida"},"content":{"rendered":"<div id=\"meta\" class=\"style-scope ytd-watch-flexy\">\n<div id=\"meta-contents\" class=\"style-scope ytd-watch-flexy\">\n<div id=\"container\" class=\"style-scope ytd-video-secondary-info-renderer\">\n<div id=\"content\" class=\"style-scope ytd-expander\">\n<div id=\"description\" class=\"style-scope ytd-video-secondary-info-renderer\">Juan Ignacio Acosta, Cinthia \u00c1vila y Alejandro Zerba estuvieron en el programa &#8220;Pura Vida&#8221; de la Tv P\u00fablica hablando sobre su participaci\u00f3n en la plataforma &#8220;Puentes Culturales&#8221;.<\/div>\n<\/div>\n<div id=\"always-shown\" class=\"style-scope ytd-metadata-row-container-renderer\">\n<p><iframe loading=\"lazy\" title=\"Juan Ignacio Acosta, Cinthia \u00c1vila y Ale Zerba - Pura Vida - Tv P\u00fablica\" width=\"525\" height=\"295\" src=\"https:\/\/www.youtube.com\/embed\/91-Ntw1yXtM?start=54&#038;feature=oembed\" frameborder=\"0\" allow=\"accelerometer; autoplay; clipboard-write; encrypted-media; gyroscope; picture-in-picture; web-share\" referrerpolicy=\"strict-origin-when-cross-origin\" allowfullscreen><\/iframe><\/p>\n<\/div>\n<\/div>\n<\/div>\n<\/div>\n","protected":false},"excerpt":{"rendered":"<p>Juan Ignacio Acosta, Cinthia \u00c1vila y Alejandro Zerba estuvieron en el programa &#8220;Pura Vida&#8221; de la Tv P\u00fablica hablando sobre su participaci\u00f3n en la plataforma&hellip;<\/p>\n","protected":false},"author":1,"featured_media":77,"comment_status":"open","ping_status":"open","sticky":false,"template":"","format":"standard","meta":{"_monsterinsights_skip_tracking":false,"_monsterinsights_sitenote_active":false,"_monsterinsights_sitenote_note":"","_monsterinsights_sitenote_category":0,"footnotes":""},"categories":[8],"tags":[26,29,34,43,44,51],"class_list":["post-76","post","type-post","status-publish","format-standard","has-post-thumbnail","hentry","category-prensa","tag-discapacidad","tag-inclusion","tag-las-ilusiones","tag-programa","tag-puentes-culturales","tag-television"],"_links":{"self":[{"href":"https:\/\/lasilusiones.com.ar\/blog\/wp-json\/wp\/v2\/posts\/76","targetHints":{"allow":["GET"]}}],"collection":[{"href":"https:\/\/lasilusiones.com.ar\/blog\/wp-json\/wp\/v2\/posts"}],"about":[{"href":"https:\/\/lasilusiones.com.ar\/blog\/wp-json\/wp\/v2\/types\/post"}],"author":[{"embeddable":true,"href":"https:\/\/lasilusiones.com.ar\/blog\/wp-json\/wp\/v2\/users\/1"}],"replies":[{"embeddable":true,"href":"https:\/\/lasilusiones.com.ar\/blog\/wp-json\/wp\/v2\/comments?post=76"}],"version-history":[{"count":0,"href":"https:\/\/lasilusiones.com.ar\/blog\/wp-json\/wp\/v2\/posts\/76\/revisions"}],"wp:featuredmedia":[{"embeddable":true,"href":"https:\/\/lasilusiones.com.ar\/blog\/wp-json\/"}],"wp:attachment":[{"href":"https:\/\/lasilusiones.com.ar\/blog\/wp-json\/wp\/v2\/media?parent=76"}],"wp:term":[{"taxonomy":"category","embeddable":true,"href":"https:\/\/lasilusiones.com.ar\/blog\/wp-json\/wp\/v2\/categories?post=76"},{"taxonomy":"post_tag","embeddable":true,"href":"https:\/\/lasilusiones.com.ar\/blog\/wp-json\/wp\/v2\/tags?post=76"}],"curies":[{"name":"wp","href":"https:\/\/api.w.org\/{rel}","templated":true}]}}