{"id":847,"date":"2021-06-06T09:21:03","date_gmt":"2021-06-06T12:21:03","guid":{"rendered":"https:\/\/lasilusiones.com.ar\/blog\/?p=847"},"modified":"2021-06-06T09:21:03","modified_gmt":"2021-06-06T12:21:03","slug":"abordar-las-discapacidades-desde-el-paradigma-de-la-autonomia-es-un-gran-desafio","status":"publish","type":"post","link":"https:\/\/lasilusiones.com.ar\/blog\/abordar-las-discapacidades-desde-el-paradigma-de-la-autonomia-es-un-gran-desafio\/","title":{"rendered":"&#8220;Abordar las discapacidades desde el paradigma de la autonom\u00eda es un gran desaf\u00edo&#8221;"},"content":{"rendered":"\n<p><strong>Juan Ignacio Acosta<\/strong> fue entrevistado por el Diario Clar\u00edn. All\u00ed pudo contar acerca de c\u00f3mo puede mejorar el arte la calidad de vida de las personas con discapacidad y c\u00f3mo la inclusi\u00f3n en los escenarios ayuda a derribar mitos y a construir el tejido social. En la nota tambi\u00e9n remarca la relevancia de llamar \u201ctodo por su nombre\u201d la evoluci\u00f3n del paradigma de autonom\u00eda en las personas con discapacidad.<\/p>\n\n\n\n<p>Le\u00e9 la nota completa en <a href=\"https:\/\/www.clarin.com\/opinion\/juan-ignacio-acosta-abordar-discapacidades-paradigma-autonomia-gran-desafio-_0_J36NPV0RU.html\" target=\"_blank\" rel=\"noreferrer noopener\">Clar\u00edn<\/a><\/p>\n","protected":false},"excerpt":{"rendered":"<p>Juan Ignacio Acosta fue entrevistado por el Diario Clar\u00edn. All\u00ed pudo contar acerca de c\u00f3mo puede mejorar el arte la calidad de vida de las&hellip;<\/p>\n","protected":false},"author":1,"featured_media":851,"comment_status":"open","ping_status":"open","sticky":false,"template":"","format":"standard","meta":{"_monsterinsights_skip_tracking":false,"_monsterinsights_sitenote_active":false,"_monsterinsights_sitenote_note":"","_monsterinsights_sitenote_category":0,"footnotes":""},"categories":[8],"tags":[],"class_list":["post-847","post","type-post","status-publish","format-standard","has-post-thumbnail","hentry","category-prensa"],"_links":{"self":[{"href":"https:\/\/lasilusiones.com.ar\/blog\/wp-json\/wp\/v2\/posts\/847","targetHints":{"allow":["GET"]}}],"collection":[{"href":"https:\/\/lasilusiones.com.ar\/blog\/wp-json\/wp\/v2\/posts"}],"about":[{"href":"https:\/\/lasilusiones.com.ar\/blog\/wp-json\/wp\/v2\/types\/post"}],"author":[{"embeddable":true,"href":"https:\/\/lasilusiones.com.ar\/blog\/wp-json\/wp\/v2\/users\/1"}],"replies":[{"embeddable":true,"href":"https:\/\/lasilusiones.com.ar\/blog\/wp-json\/wp\/v2\/comments?post=847"}],"version-history":[{"count":0,"href":"https:\/\/lasilusiones.com.ar\/blog\/wp-json\/wp\/v2\/posts\/847\/revisions"}],"wp:featuredmedia":[{"embeddable":true,"href":"https:\/\/lasilusiones.com.ar\/blog\/wp-json\/"}],"wp:attachment":[{"href":"https:\/\/lasilusiones.com.ar\/blog\/wp-json\/wp\/v2\/media?parent=847"}],"wp:term":[{"taxonomy":"category","embeddable":true,"href":"https:\/\/lasilusiones.com.ar\/blog\/wp-json\/wp\/v2\/categories?post=847"},{"taxonomy":"post_tag","embeddable":true,"href":"https:\/\/lasilusiones.com.ar\/blog\/wp-json\/wp\/v2\/tags?post=847"}],"curies":[{"name":"wp","href":"https:\/\/api.w.org\/{rel}","templated":true}]}}