{"id":85,"date":"2018-03-21T19:48:56","date_gmt":"2018-03-21T22:48:56","guid":{"rendered":"https:\/\/lasilusiones.com.ar\/blog\/?p=85"},"modified":"2018-03-21T19:48:56","modified_gmt":"2018-03-21T22:48:56","slug":"radio-telam-las-ilsuiones-y-el-teatro-inclusivo","status":"publish","type":"post","link":"https:\/\/lasilusiones.com.ar\/blog\/radio-telam-las-ilsuiones-y-el-teatro-inclusivo\/","title":{"rendered":"Radio Tel\u00e1m: Las Ilsuiones y el teatro Inclusivo"},"content":{"rendered":"<p>Teatro inclusivo: la Compa\u00f1\u00eda &#8220;Las Ilusiones&#8221;\u00a0 trabajo la integraci\u00f3n con actores con s\u00edndrome de Down<\/p>\n<p>Con sedes en Capital Federal, Gran Buenos Aires, La Plata, Mar del Plata y Salta, este `proyecto ofrece talleres artisticos dirigidos a personas con discapacidad intelectual, que se forman en teatro, comedia musical, teatro musical, coro y danza; para luego realizar funciones profesionales en teatros y entes privados y p\u00fablicos. (Leer m\u00e1s info en el siguiente link)<\/p>\n<p><a href=\"http:\/\/www.telam.com.ar\/notas\/201803\/262023-teatro-inclusivo-la-compania-las-ilusiones-trabaja-en-la-integracion-de-actores-con-sindrome-de-down.html\">http:\/\/www.telam.com.ar\/notas\/201803\/262023-teatro-inclusivo-la-compania-las-ilusiones-trabaja-en-la-integracion-de-actores-con-sindrome-de-down.html<\/a><\/p>\n","protected":false},"excerpt":{"rendered":"<p>Teatro inclusivo: la Compa\u00f1\u00eda &#8220;Las Ilusiones&#8221;\u00a0 trabajo la integraci\u00f3n con actores con s\u00edndrome de Down Con sedes en Capital Federal, Gran Buenos Aires, La Plata,&hellip;<\/p>\n","protected":false},"author":1,"featured_media":86,"comment_status":"open","ping_status":"open","sticky":false,"template":"","format":"standard","meta":{"_monsterinsights_skip_tracking":false,"_monsterinsights_sitenote_active":false,"_monsterinsights_sitenote_note":"","_monsterinsights_sitenote_category":0,"footnotes":""},"categories":[8],"tags":[27,29,34,45],"class_list":["post-85","post","type-post","status-publish","format-standard","has-post-thumbnail","hentry","category-prensa","tag-entrevista","tag-inclusion","tag-las-ilusiones","tag-radio"],"_links":{"self":[{"href":"https:\/\/lasilusiones.com.ar\/blog\/wp-json\/wp\/v2\/posts\/85","targetHints":{"allow":["GET"]}}],"collection":[{"href":"https:\/\/lasilusiones.com.ar\/blog\/wp-json\/wp\/v2\/posts"}],"about":[{"href":"https:\/\/lasilusiones.com.ar\/blog\/wp-json\/wp\/v2\/types\/post"}],"author":[{"embeddable":true,"href":"https:\/\/lasilusiones.com.ar\/blog\/wp-json\/wp\/v2\/users\/1"}],"replies":[{"embeddable":true,"href":"https:\/\/lasilusiones.com.ar\/blog\/wp-json\/wp\/v2\/comments?post=85"}],"version-history":[{"count":0,"href":"https:\/\/lasilusiones.com.ar\/blog\/wp-json\/wp\/v2\/posts\/85\/revisions"}],"wp:featuredmedia":[{"embeddable":true,"href":"https:\/\/lasilusiones.com.ar\/blog\/wp-json\/"}],"wp:attachment":[{"href":"https:\/\/lasilusiones.com.ar\/blog\/wp-json\/wp\/v2\/media?parent=85"}],"wp:term":[{"taxonomy":"category","embeddable":true,"href":"https:\/\/lasilusiones.com.ar\/blog\/wp-json\/wp\/v2\/categories?post=85"},{"taxonomy":"post_tag","embeddable":true,"href":"https:\/\/lasilusiones.com.ar\/blog\/wp-json\/wp\/v2\/tags?post=85"}],"curies":[{"name":"wp","href":"https:\/\/api.w.org\/{rel}","templated":true}]}}