{"id":865,"date":"2021-06-14T08:46:55","date_gmt":"2021-06-14T11:46:55","guid":{"rendered":"https:\/\/lasilusiones.com.ar\/blog\/?p=865"},"modified":"2021-06-14T08:46:55","modified_gmt":"2021-06-14T11:46:55","slug":"la-expresion-a-traves-del-arte","status":"publish","type":"post","link":"https:\/\/lasilusiones.com.ar\/blog\/la-expresion-a-traves-del-arte\/","title":{"rendered":"La expresi\u00f3n a trav\u00e9s del arte"},"content":{"rendered":"\n<p>Juan Ignacio Acosta particip\u00f3 de un webinario para ASDRA donde comparti\u00f3 sus reflexiones sobre la expresi\u00f3n a trav\u00e9s del arte.<\/p>\n\n\n\n<p>En primer t\u00e9rmino invit\u00f3 a dejar de entender al arte solo como un espacio de hobby y distracci\u00f3n o con fines terap\u00e9uticos y verlo con toda su potencialidad de creaci\u00f3n y como herramienta para romper mitos y barreras. Adem\u00e1s esto \u00faltimo, tanto para personas con y sin discapacidad. En segundo lugar, llam\u00f3 a darnos cuenta de que tendemos a las generalizaciones y el arte colabora con la valoraci\u00f3n de la singularidad del sujeto, lo pone en primer lugar y distingue su propio color. Ese color que le muestra a la persona un &#8220;otro yo&#8221; que le permite descubrir cosas y ampliar su gama de de pensamientos.<\/p>\n\n\n\n<p>De todas las artes, la charla se hizo foco en las esc\u00e9nicas, dado que, su v\u00ednculo directo con el p\u00fablico la distingue de las otras. El p\u00fablico influye en el artista que est\u00e1 en el escenario con sus risas, aplausos, respiraci\u00f3n, etc. y, probablemente, lo modifica. Se remarcaron los siguientes aspectos positivos de estas disciplinas:<\/p>\n\n\n\n<ul class=\"wp-block-list\"><li>Potencia lo social por ser grupal (no solo otros actores si no todo el equipo t\u00e9cnico, el director, los vestuaristas), por lo cual, permite y beneficia las relaciones con los otros. Es un espacio donde se intercambian singularidades.<\/li><li>Expande la emoci\u00f3n desde la catarsis y desde el animarse a decir cosas que quiz\u00e1s no surgir\u00edan en otros espacios.<\/li><li>Despliega la corporalidad, sin importar las caracter\u00edsticas o limitaciones que se posean.<\/li><li>Genera v\u00ednculos que trascienden el escenario, dando lugar a grupos de pertenencia y amistad.<\/li><\/ul>\n\n\n\n<p>Tambi\u00e9n se remarc\u00f3 la especificidad del arte inclusivo, como un nuevo movimiento art\u00edstico, con sus reglas y variables: su tiempo es distinto, habilita a todos de manera genuina, invita a que las personas con discapacidad puedan transitar el arte, construye en conjunto y permite una ense\u00f1a mutua.<\/p>\n\n\n\n<p>Juan Ignacio, como conclusi\u00f3n, nos invit\u00f3 a animarnos, a encontrar otros matices de emociones y sensaciones que nos enriquezcan a todos. <\/p>\n\n\n\n<p>Mir\u00e1 la charla completa en el canal de <a href=\"https:\/\/www.youtube.com\/watch?v=mAAg-vrk4cM\" data-type=\"URL\" data-id=\"https:\/\/www.youtube.com\/watch?v=mAAg-vrk4cM\">ASDRA<\/a><\/p>\n","protected":false},"excerpt":{"rendered":"<p>Juan Ignacio Acosta particip\u00f3 de un webinario para ASDRA donde comparti\u00f3 sus reflexiones sobre la expresi\u00f3n a trav\u00e9s del arte. En primer t\u00e9rmino invit\u00f3 a&hellip;<\/p>\n","protected":false},"author":1,"featured_media":874,"comment_status":"open","ping_status":"open","sticky":false,"template":"","format":"standard","meta":{"_monsterinsights_skip_tracking":false,"_monsterinsights_sitenote_active":false,"_monsterinsights_sitenote_note":"","_monsterinsights_sitenote_category":0,"footnotes":""},"categories":[3],"tags":[],"class_list":["post-865","post","type-post","status-publish","format-standard","has-post-thumbnail","hentry","category-actividades"],"_links":{"self":[{"href":"https:\/\/lasilusiones.com.ar\/blog\/wp-json\/wp\/v2\/posts\/865","targetHints":{"allow":["GET"]}}],"collection":[{"href":"https:\/\/lasilusiones.com.ar\/blog\/wp-json\/wp\/v2\/posts"}],"about":[{"href":"https:\/\/lasilusiones.com.ar\/blog\/wp-json\/wp\/v2\/types\/post"}],"author":[{"embeddable":true,"href":"https:\/\/lasilusiones.com.ar\/blog\/wp-json\/wp\/v2\/users\/1"}],"replies":[{"embeddable":true,"href":"https:\/\/lasilusiones.com.ar\/blog\/wp-json\/wp\/v2\/comments?post=865"}],"version-history":[{"count":0,"href":"https:\/\/lasilusiones.com.ar\/blog\/wp-json\/wp\/v2\/posts\/865\/revisions"}],"wp:featuredmedia":[{"embeddable":true,"href":"https:\/\/lasilusiones.com.ar\/blog\/wp-json\/"}],"wp:attachment":[{"href":"https:\/\/lasilusiones.com.ar\/blog\/wp-json\/wp\/v2\/media?parent=865"}],"wp:term":[{"taxonomy":"category","embeddable":true,"href":"https:\/\/lasilusiones.com.ar\/blog\/wp-json\/wp\/v2\/categories?post=865"},{"taxonomy":"post_tag","embeddable":true,"href":"https:\/\/lasilusiones.com.ar\/blog\/wp-json\/wp\/v2\/tags?post=865"}],"curies":[{"name":"wp","href":"https:\/\/api.w.org\/{rel}","templated":true}]}}