{"id":88,"date":"2018-07-23T00:49:57","date_gmt":"2018-07-23T03:49:57","guid":{"rendered":"https:\/\/lasilusiones.com.ar\/blog\/?p=88"},"modified":"2018-07-23T00:49:57","modified_gmt":"2018-07-23T03:49:57","slug":"diario-la-nacion-un-grupo-de-teatro-inclusivo-que-busca-derribar-barreras","status":"publish","type":"post","link":"https:\/\/lasilusiones.com.ar\/blog\/diario-la-nacion-un-grupo-de-teatro-inclusivo-que-busca-derribar-barreras\/","title":{"rendered":"Diario La Naci\u00f3n &#8211; Un grupo de teatro inclusivo que busca derribar barreras"},"content":{"rendered":"<p>La compa\u00f1\u00eda Las Ilusiones se propone potenciar las capacidades de sus 400 integrantes con y sin discapacidad.<\/p>\n<p class=\"capital\">omo todos los jueves, Anthony Jara Enciso se toma el colectivo de la l\u00ednea 86 en Laferrere, donde vive junto a sus padres; se baja en Congreso y camina unas cuadras hasta llegar a una de las sedes de la Compa\u00f1\u00eda de Arte Integrado Las Ilusiones, sobre la calle Corrientes. Con una remera a rayas, jeans y zapatillas blancas, se saca la gorra antes de comenzar la clase de tango donde, junto a sus compa\u00f1eros, va a bailar &#8220;Las cuatro estaciones porte\u00f1as&#8221;, de Astor Piazzolla.<\/p>\n<p>Anthony tiene 35 a\u00f1os, s\u00edndrome de Down y desde 2012 forma parte del grupo de aproximadamente 400 artistas con y sin discapacidad f\u00edsica e intelectual que participan de Las Ilusiones. El proyecto naci\u00f3 en 2008 y ofrece talleres de teatro, comedia musical, canto y danza, entre otros. En la actualidad cuenta con 31 grupos en sus nueve sedes. (Leer m\u00e1s en el siguiente link)<\/p>\n<p><a href=\"https:\/\/www.lanacion.com.ar\/2155419-un-grupo-de-teatro-inclusivo-que-busca-derribar-barreras\">https:\/\/www.lanacion.com.ar\/2155419-un-grupo-de-teatro-inclusivo-que-busca-derribar-barreras<\/a><\/p>\n<p><img loading=\"lazy\" decoding=\"async\" class=\"size-medium wp-image-130 aligncenter\" src=\"https:\/\/lasilusiones.com.ar\/blog\/wp-content\/uploads\/2018\/07\/diario-La-Naci\u00f3n-julio-237x300.png\" alt=\"\" width=\"237\" height=\"300\" \/><\/p>\n","protected":false},"excerpt":{"rendered":"<p>La compa\u00f1\u00eda Las Ilusiones se propone potenciar las capacidades de sus 400 integrantes con y sin discapacidad. omo todos los jueves, Anthony Jara Enciso se&hellip;<\/p>\n","protected":false},"author":1,"featured_media":130,"comment_status":"open","ping_status":"open","sticky":false,"template":"","format":"standard","meta":{"_monsterinsights_skip_tracking":false,"_monsterinsights_sitenote_active":false,"_monsterinsights_sitenote_note":"","_monsterinsights_sitenote_category":0,"footnotes":""},"categories":[8],"tags":[24,27,29,37],"class_list":["post-88","post","type-post","status-publish","format-standard","has-post-thumbnail","hentry","category-prensa","tag-diario","tag-entrevista","tag-inclusion","tag-nota"],"_links":{"self":[{"href":"https:\/\/lasilusiones.com.ar\/blog\/wp-json\/wp\/v2\/posts\/88","targetHints":{"allow":["GET"]}}],"collection":[{"href":"https:\/\/lasilusiones.com.ar\/blog\/wp-json\/wp\/v2\/posts"}],"about":[{"href":"https:\/\/lasilusiones.com.ar\/blog\/wp-json\/wp\/v2\/types\/post"}],"author":[{"embeddable":true,"href":"https:\/\/lasilusiones.com.ar\/blog\/wp-json\/wp\/v2\/users\/1"}],"replies":[{"embeddable":true,"href":"https:\/\/lasilusiones.com.ar\/blog\/wp-json\/wp\/v2\/comments?post=88"}],"version-history":[{"count":0,"href":"https:\/\/lasilusiones.com.ar\/blog\/wp-json\/wp\/v2\/posts\/88\/revisions"}],"wp:featuredmedia":[{"embeddable":true,"href":"https:\/\/lasilusiones.com.ar\/blog\/wp-json\/"}],"wp:attachment":[{"href":"https:\/\/lasilusiones.com.ar\/blog\/wp-json\/wp\/v2\/media?parent=88"}],"wp:term":[{"taxonomy":"category","embeddable":true,"href":"https:\/\/lasilusiones.com.ar\/blog\/wp-json\/wp\/v2\/categories?post=88"},{"taxonomy":"post_tag","embeddable":true,"href":"https:\/\/lasilusiones.com.ar\/blog\/wp-json\/wp\/v2\/tags?post=88"}],"curies":[{"name":"wp","href":"https:\/\/api.w.org\/{rel}","templated":true}]}}