{"id":898,"date":"2021-07-27T09:21:38","date_gmt":"2021-07-27T12:21:38","guid":{"rendered":"https:\/\/lasilusiones.com.ar\/blog\/?p=898"},"modified":"2021-07-27T09:21:38","modified_gmt":"2021-07-27T12:21:38","slug":"desde-espana-uniendo-redes-de-inclusion","status":"publish","type":"post","link":"https:\/\/lasilusiones.com.ar\/blog\/desde-espana-uniendo-redes-de-inclusion\/","title":{"rendered":"Desde Espa\u00f1a, uniendo redes de inclusi\u00f3n"},"content":{"rendered":"\n<p>Juan Ignacio Acosta se encuentra en Madrid trabajando con diversas instituciones e intercambiando experiencias. En este caso, les compartimos dos entrevistas que le hicieron a nuestro director. Una fue con <a rel=\"noreferrer noopener\" href=\"https:\/\/plenainclusionmadrid.org\/\" data-type=\"URL\" data-id=\"https:\/\/plenainclusionmadrid.org\/\" target=\"_blank\">Plena Inclusi\u00f3n Madrid<\/a>, Federaci\u00f3n de Organizaciones de personas con discapacidad intelectual o del desarrollo y otra, con <a rel=\"noreferrer noopener\" href=\"https:\/\/www.sindromedown.net\/\" data-type=\"URL\" data-id=\"https:\/\/www.sindromedown.net\/\" target=\"_blank\">Down Espa\u00f1a<\/a>, instituci\u00f3n que trabaja por la plena inclusi\u00f3n de las personas con S\u00edndrome de Down, durante todo su ciclo de vida.<\/p>\n\n\n\n<p>Los puntos centrales de la nota de Plena Inclusi\u00f3n mencionan la potencialidad y aportes de las artes esc\u00e9nicas, c\u00f3mo fue, para Las Ilusiones, adaptarse a la virtualidad y la importancia de trabajar desde el concepto de &#8220;paradigma invertido&#8221; en discapacidad. Pod\u00e9s leerla completa <a rel=\"noreferrer noopener\" href=\"https:\/\/plenainclusionmadrid.org\/blog\/la-potencialidad-de-las-artes-escenicas-inclusivas\/\" data-type=\"URL\" data-id=\"https:\/\/plenainclusionmadrid.org\/blog\/la-potencialidad-de-las-artes-escenicas-inclusivas\/\" target=\"_blank\"><strong>aqu\u00ed<\/strong><\/a>. En el caso de Down Espa\u00f1a, se centr\u00f3 en comentar los aspectos principales del libro de Juan Ignacio, &#8220;Pr\u00e1cticas art\u00edsticas Inclusivas&#8221;. Le\u00e9 esta nota <a href=\"https:\/\/www.sindromedown.net\/noticia\/descubre-practicas-artisticas-inclusivas\/\" data-type=\"URL\" data-id=\"https:\/\/www.sindromedown.net\/noticia\/descubre-practicas-artisticas-inclusivas\/\" target=\"_blank\" rel=\"noreferrer noopener\">aqu\u00ed<\/a>.<\/p>\n\n\n\n<p><\/p>\n","protected":false},"excerpt":{"rendered":"<p>Juan Ignacio Acosta se encuentra en Madrid trabajando con diversas instituciones e intercambiando experiencias. En este caso, les compartimos dos entrevistas que le hicieron a&hellip;<\/p>\n","protected":false},"author":1,"featured_media":899,"comment_status":"open","ping_status":"open","sticky":false,"template":"","format":"standard","meta":{"_monsterinsights_skip_tracking":false,"_monsterinsights_sitenote_active":false,"_monsterinsights_sitenote_note":"","_monsterinsights_sitenote_category":0,"footnotes":""},"categories":[8],"tags":[],"class_list":["post-898","post","type-post","status-publish","format-standard","has-post-thumbnail","hentry","category-prensa"],"_links":{"self":[{"href":"https:\/\/lasilusiones.com.ar\/blog\/wp-json\/wp\/v2\/posts\/898","targetHints":{"allow":["GET"]}}],"collection":[{"href":"https:\/\/lasilusiones.com.ar\/blog\/wp-json\/wp\/v2\/posts"}],"about":[{"href":"https:\/\/lasilusiones.com.ar\/blog\/wp-json\/wp\/v2\/types\/post"}],"author":[{"embeddable":true,"href":"https:\/\/lasilusiones.com.ar\/blog\/wp-json\/wp\/v2\/users\/1"}],"replies":[{"embeddable":true,"href":"https:\/\/lasilusiones.com.ar\/blog\/wp-json\/wp\/v2\/comments?post=898"}],"version-history":[{"count":0,"href":"https:\/\/lasilusiones.com.ar\/blog\/wp-json\/wp\/v2\/posts\/898\/revisions"}],"wp:featuredmedia":[{"embeddable":true,"href":"https:\/\/lasilusiones.com.ar\/blog\/wp-json\/"}],"wp:attachment":[{"href":"https:\/\/lasilusiones.com.ar\/blog\/wp-json\/wp\/v2\/media?parent=898"}],"wp:term":[{"taxonomy":"category","embeddable":true,"href":"https:\/\/lasilusiones.com.ar\/blog\/wp-json\/wp\/v2\/categories?post=898"},{"taxonomy":"post_tag","embeddable":true,"href":"https:\/\/lasilusiones.com.ar\/blog\/wp-json\/wp\/v2\/tags?post=898"}],"curies":[{"name":"wp","href":"https:\/\/api.w.org\/{rel}","templated":true}]}}