{"id":910,"date":"2021-08-06T09:16:33","date_gmt":"2021-08-06T12:16:33","guid":{"rendered":"https:\/\/lasilusiones.com.ar\/blog\/?p=910"},"modified":"2021-08-06T09:16:33","modified_gmt":"2021-08-06T12:16:33","slug":"las-ilusiones-presente-en-el-festival-social-tudanzas-de-barcelona","status":"publish","type":"post","link":"https:\/\/lasilusiones.com.ar\/blog\/las-ilusiones-presente-en-el-festival-social-tudanzas-de-barcelona\/","title":{"rendered":"Las Ilusiones, presente en el Festival Social \u201cTudanzas\u201d de Barcelona"},"content":{"rendered":"\n<p>Agostina Fischietti, del equipo de Coordinaci\u00f3n de la Compa\u00f1\u00eda, est\u00e1 viviendo en Espa\u00f1a y desde all\u00ed sigue dando a conocer nuestro arte inclusivo.<\/p>\n\n\n\n<p>Buscando festivales del mundo que incluyeran lo social a trav\u00e9s de la expresi\u00f3n, se evaluaron propuestas afines a lo virtual. Finalmente, la decisi\u00f3n fue participar en \u201cTudanzas\u201d. Este festival es un espacio de cocreaci\u00f3n, fundado en 2012 con la intenci\u00f3n de recordar los acontecimientos del 15M en Barcelona y retomar el valor social de la danza. Adem\u00e1s, tiene como objetivo conseguir apoyo para los artistas emergentes. Seg\u00fan manifiestan los organizadores <em>\u201cNo se trata de entender la danza como una disciplina profesional, sino como una forma de ser en la que este arte es devuelto a la sociedad. Una forma de ser en la que t\u00fa danzas\u201d.<\/em><\/p>\n\n\n\n<p>Este a\u00f1o el festival recibi\u00f3 <strong>m\u00e1s de 80 propuestas art\u00edsticas<\/strong>, con una gran diversidad de proyectos. Una de las elegidas fue la de <strong>\u201cTransformados\u201d<\/strong>, producci\u00f3n del Programa Conectados (v\u00eda Zoom), del grupo de danza de Rebeca Bonsignori.<\/p>\n\n\n\n<p>El proceso de trabajo creativo de Transformados buscaba <em>transformar<\/em> el espacio de la casa, reapropiarse de \u00e9l, mezclando la danza con juegos de la infancia y, con motivo de eso, contar historias del encierro que gener\u00f3 la pandemia.<\/p>\n\n\n\n<div class=\"wp-block-group alignwide\"><div class=\"wp-block-group__inner-container is-layout-flow wp-block-group-is-layout-flow\">\n<div class=\"wp-block-media-text alignwide is-stacked-on-mobile is-vertically-aligned-center\" style=\"grid-template-columns:54% auto\"><figure class=\"wp-block-media-text__media\"><img decoding=\"async\" src=\"https:\/\/lasilusiones.com.ar\/blog\/wp-content\/uploads\/2021\/08\/Transformados2-1.png\" alt=\"\" class=\"wp-image-913 size-full\"\/><\/figure><div class=\"wp-block-media-text__content\">\n<p class=\"has-normal-font-size\">Se reunieron <strong>16 artistas en escena virtual<\/strong> para explorar las aristas del cuerpo en ese nuevo contexto, apelando al movimiento como libertad, juego y valoraci\u00f3n de lo imprescindible e importante. Los disparadores surgieron de la indagaci\u00f3n, de la propuesta grupal y los intereses colectivos. La tem\u00e1tica de los video juegos, como repetici\u00f3n, secuencia y vuelta a la infancia, estuvo presente en toda la propuesta.<\/p>\n<\/div><\/div>\n<\/div><\/div>\n\n\n\n<p>Con respecto al proceso de creaci\u00f3n, Rebeca, nos cuenta que \u201c<em>fue muy divertido reencontrarse con los juegos y las tecnolog\u00edas de la infancia. Compartir experiencias, recuerdos y saberes con los j\u00f3venes<\/em>\u201d.<\/p>\n\n\n\n<p>Para Agostina, fue muy significativa esta participaci\u00f3n<em>: \u201cllegar a Barcelona, un epicentro cultural, bohemio, de vanguardia es importante. Es un <strong>foco de visibilidad<\/strong> e implantar la semilla. Ojal\u00e1 en el futuro podamos estar de manera presencial, en un festival como este, que pregona la inclusi\u00f3n social en discapacidad a trav\u00e9s del arte\u201d. <\/em>Por su parte, Rebeca agrega: <em>\u201cfue gratificante poder formar parte del festival. Mostrar lo que venimos trabajando, de la mano de Las Ilusiones, como una fuerte apuesta <strong>a lo que tenemos para dar, para mostrar y contar con los cuerpos, m\u00e1s all\u00e1 de cualquier condici\u00f3n<\/strong>\u201d.<\/em><\/p>\n\n\n\n<p>En palabras de Agostina: <em>\u201cCon esta pieza, queremos invitarlos a vivir esta transformaci\u00f3n de la realidad con nosotros: no todo est\u00e1 perdido si encontramos la manera de <strong>volver arte lo ineludible<\/strong>\u201d.<\/em> Disfrut\u00e1 de Transformados en nuestro canal de <a href=\"https:\/\/www.youtube.com\/watch?v=5a2SUiPtBKo&amp;list=PLYoIZbvWmb6ijWkaerSxTgTy8DC6lmm_W\" data-type=\"URL\" data-id=\"https:\/\/www.youtube.com\/watch?v=5a2SUiPtBKo&amp;list=PLYoIZbvWmb6ijWkaerSxTgTy8DC6lmm_W\" target=\"_blank\" rel=\"noreferrer noopener\"><strong>YouTube<\/strong><\/a>.<\/p>\n","protected":false},"excerpt":{"rendered":"<p>Agostina Fischietti, del equipo de Coordinaci\u00f3n de la Compa\u00f1\u00eda, est\u00e1 viviendo en Espa\u00f1a y desde all\u00ed sigue dando a conocer nuestro arte inclusivo. Buscando festivales&hellip;<\/p>\n","protected":false},"author":1,"featured_media":911,"comment_status":"open","ping_status":"open","sticky":false,"template":"","format":"standard","meta":{"_monsterinsights_skip_tracking":false,"_monsterinsights_sitenote_active":false,"_monsterinsights_sitenote_note":"","_monsterinsights_sitenote_category":0,"footnotes":""},"categories":[11],"tags":[],"class_list":["post-910","post","type-post","status-publish","format-standard","has-post-thumbnail","hentry","category-reconocimiento"],"_links":{"self":[{"href":"https:\/\/lasilusiones.com.ar\/blog\/wp-json\/wp\/v2\/posts\/910","targetHints":{"allow":["GET"]}}],"collection":[{"href":"https:\/\/lasilusiones.com.ar\/blog\/wp-json\/wp\/v2\/posts"}],"about":[{"href":"https:\/\/lasilusiones.com.ar\/blog\/wp-json\/wp\/v2\/types\/post"}],"author":[{"embeddable":true,"href":"https:\/\/lasilusiones.com.ar\/blog\/wp-json\/wp\/v2\/users\/1"}],"replies":[{"embeddable":true,"href":"https:\/\/lasilusiones.com.ar\/blog\/wp-json\/wp\/v2\/comments?post=910"}],"version-history":[{"count":0,"href":"https:\/\/lasilusiones.com.ar\/blog\/wp-json\/wp\/v2\/posts\/910\/revisions"}],"wp:featuredmedia":[{"embeddable":true,"href":"https:\/\/lasilusiones.com.ar\/blog\/wp-json\/"}],"wp:attachment":[{"href":"https:\/\/lasilusiones.com.ar\/blog\/wp-json\/wp\/v2\/media?parent=910"}],"wp:term":[{"taxonomy":"category","embeddable":true,"href":"https:\/\/lasilusiones.com.ar\/blog\/wp-json\/wp\/v2\/categories?post=910"},{"taxonomy":"post_tag","embeddable":true,"href":"https:\/\/lasilusiones.com.ar\/blog\/wp-json\/wp\/v2\/tags?post=910"}],"curies":[{"name":"wp","href":"https:\/\/api.w.org\/{rel}","templated":true}]}}