{"id":949,"date":"2021-09-01T10:22:17","date_gmt":"2021-09-01T13:22:17","guid":{"rendered":"https:\/\/lasilusiones.com.ar\/blog\/?p=949"},"modified":"2021-09-01T10:22:17","modified_gmt":"2021-09-01T13:22:17","slug":"un-puente-entre-el-arte-y-la-discapacidad","status":"publish","type":"post","link":"https:\/\/lasilusiones.com.ar\/blog\/un-puente-entre-el-arte-y-la-discapacidad\/","title":{"rendered":"&#8220;Un puente entre el arte y la discapacidad&#8221;"},"content":{"rendered":"\n<p>El portal <em>Nota al pie<\/em>, convers\u00f3 con nuestro director sobre su libro <em>\u201c<\/em><strong><em>Pr\u00e1cticas Art\u00edsticas Inclusivas\u201d<\/em><\/strong>, quien afirm\u00f3: <em>\u201cCuando empec\u00e9 a escribir este libro me plante\u00e9 que todos podamos encontrar nuestra mejor versi\u00f3n\u201d<\/em>. Pod\u00e9s leer la nota completa <a href=\"https:\/\/www.notaalpie.com.ar\/2021\/08\/30\/un-puente-entre-el-arte-y-la-discapacidad\/\" data-type=\"URL\" data-id=\"https:\/\/www.notaalpie.com.ar\/2021\/08\/30\/un-puente-entre-el-arte-y-la-discapacidad\/\" target=\"_blank\" rel=\"noreferrer noopener\">aqu\u00ed<\/a>.<\/p>\n","protected":false},"excerpt":{"rendered":"<p>El portal Nota al pie, convers\u00f3 con nuestro director sobre su libro \u201cPr\u00e1cticas Art\u00edsticas Inclusivas\u201d, quien afirm\u00f3: \u201cCuando empec\u00e9 a escribir este libro me plante\u00e9&hellip;<\/p>\n","protected":false},"author":1,"featured_media":950,"comment_status":"open","ping_status":"open","sticky":false,"template":"","format":"standard","meta":{"_monsterinsights_skip_tracking":false,"_monsterinsights_sitenote_active":false,"_monsterinsights_sitenote_note":"","_monsterinsights_sitenote_category":0,"footnotes":""},"categories":[8],"tags":[],"class_list":["post-949","post","type-post","status-publish","format-standard","has-post-thumbnail","hentry","category-prensa"],"_links":{"self":[{"href":"https:\/\/lasilusiones.com.ar\/blog\/wp-json\/wp\/v2\/posts\/949","targetHints":{"allow":["GET"]}}],"collection":[{"href":"https:\/\/lasilusiones.com.ar\/blog\/wp-json\/wp\/v2\/posts"}],"about":[{"href":"https:\/\/lasilusiones.com.ar\/blog\/wp-json\/wp\/v2\/types\/post"}],"author":[{"embeddable":true,"href":"https:\/\/lasilusiones.com.ar\/blog\/wp-json\/wp\/v2\/users\/1"}],"replies":[{"embeddable":true,"href":"https:\/\/lasilusiones.com.ar\/blog\/wp-json\/wp\/v2\/comments?post=949"}],"version-history":[{"count":0,"href":"https:\/\/lasilusiones.com.ar\/blog\/wp-json\/wp\/v2\/posts\/949\/revisions"}],"wp:featuredmedia":[{"embeddable":true,"href":"https:\/\/lasilusiones.com.ar\/blog\/wp-json\/"}],"wp:attachment":[{"href":"https:\/\/lasilusiones.com.ar\/blog\/wp-json\/wp\/v2\/media?parent=949"}],"wp:term":[{"taxonomy":"category","embeddable":true,"href":"https:\/\/lasilusiones.com.ar\/blog\/wp-json\/wp\/v2\/categories?post=949"},{"taxonomy":"post_tag","embeddable":true,"href":"https:\/\/lasilusiones.com.ar\/blog\/wp-json\/wp\/v2\/tags?post=949"}],"curies":[{"name":"wp","href":"https:\/\/api.w.org\/{rel}","templated":true}]}}