{"id":984,"date":"2021-09-21T09:23:23","date_gmt":"2021-09-21T12:23:23","guid":{"rendered":"https:\/\/lasilusiones.com.ar\/blog\/?p=984"},"modified":"2021-09-21T09:23:23","modified_gmt":"2021-09-21T12:23:23","slug":"sumando-miradas-de-arte-inclusivo","status":"publish","type":"post","link":"https:\/\/lasilusiones.com.ar\/blog\/sumando-miradas-de-arte-inclusivo\/","title":{"rendered":"Sumando miradas de arte inclusivo"},"content":{"rendered":"\n<p>El sitio T\u00e9lam Digital realiz\u00f3 una nota a referentes del \u00e1mbito art\u00edstico inclusivo en la que particip\u00f3 Nacho, nuestro Director. En la nota se comentaron los distintos abordajes que proponen otras organizaciones que tambi\u00e9n trabajan arte y discapacidad, basadas en la potencialidad de todas las personas. Le\u00e9 la nota completa <a rel=\"noreferrer noopener\" href=\"https:\/\/www.telam.com.ar\/notas\/202109\/568255-jovenes-con-discapacidad.html\" data-type=\"URL\" data-id=\"https:\/\/www.telam.com.ar\/notas\/202109\/568255-jovenes-con-discapacidad.html\" target=\"_blank\">aqu\u00ed<\/a>.<\/p>\n","protected":false},"excerpt":{"rendered":"<p>El sitio T\u00e9lam Digital realiz\u00f3 una nota a referentes del \u00e1mbito art\u00edstico inclusivo en la que particip\u00f3 Nacho, nuestro Director. En la nota se comentaron&hellip;<\/p>\n","protected":false},"author":1,"featured_media":990,"comment_status":"open","ping_status":"open","sticky":false,"template":"","format":"standard","meta":{"_monsterinsights_skip_tracking":false,"_monsterinsights_sitenote_active":false,"_monsterinsights_sitenote_note":"","_monsterinsights_sitenote_category":0,"footnotes":""},"categories":[8],"tags":[],"class_list":["post-984","post","type-post","status-publish","format-standard","has-post-thumbnail","hentry","category-prensa"],"_links":{"self":[{"href":"https:\/\/lasilusiones.com.ar\/blog\/wp-json\/wp\/v2\/posts\/984","targetHints":{"allow":["GET"]}}],"collection":[{"href":"https:\/\/lasilusiones.com.ar\/blog\/wp-json\/wp\/v2\/posts"}],"about":[{"href":"https:\/\/lasilusiones.com.ar\/blog\/wp-json\/wp\/v2\/types\/post"}],"author":[{"embeddable":true,"href":"https:\/\/lasilusiones.com.ar\/blog\/wp-json\/wp\/v2\/users\/1"}],"replies":[{"embeddable":true,"href":"https:\/\/lasilusiones.com.ar\/blog\/wp-json\/wp\/v2\/comments?post=984"}],"version-history":[{"count":0,"href":"https:\/\/lasilusiones.com.ar\/blog\/wp-json\/wp\/v2\/posts\/984\/revisions"}],"wp:featuredmedia":[{"embeddable":true,"href":"https:\/\/lasilusiones.com.ar\/blog\/wp-json\/"}],"wp:attachment":[{"href":"https:\/\/lasilusiones.com.ar\/blog\/wp-json\/wp\/v2\/media?parent=984"}],"wp:term":[{"taxonomy":"category","embeddable":true,"href":"https:\/\/lasilusiones.com.ar\/blog\/wp-json\/wp\/v2\/categories?post=984"},{"taxonomy":"post_tag","embeddable":true,"href":"https:\/\/lasilusiones.com.ar\/blog\/wp-json\/wp\/v2\/tags?post=984"}],"curies":[{"name":"wp","href":"https:\/\/api.w.org\/{rel}","templated":true}]}}